{"id":911,"date":"2025-11-27T15:12:14","date_gmt":"2025-11-27T15:12:14","guid":{"rendered":"https:\/\/acetef.com\/?p=911"},"modified":"2025-11-27T15:12:14","modified_gmt":"2025-11-27T15:12:14","slug":"anecs","status":"publish","type":"post","link":"http:\/\/acetef.com\/?p=911","title":{"rendered":"ANECS"},"content":{"rendered":"\t\t<div data-elementor-type=\"wp-post\" data-elementor-id=\"911\" class=\"elementor elementor-911\" data-elementor-post-type=\"post\">\n\t\t\t\t<div class=\"elementor-element elementor-element-8bf9190 e-flex e-con-boxed e-con e-parent\" data-id=\"8bf9190\" data-element_type=\"container\">\n\t\t\t\t\t<div class=\"e-con-inner\">\n\t\t\t\t<div class=\"elementor-element elementor-element-6d66084 elementor-widget elementor-widget-shortcode\" data-id=\"6d66084\" data-element_type=\"widget\" data-widget_type=\"shortcode.default\">\n\t\t\t\t\t\t\t<div class=\"elementor-shortcode\"><section class=\"association\">\n  <header class=\"hero\">\n    <img decoding=\"async\" src=\"https:\/\/images.unsplash.com\/photo-1521737604893-d14cc237f11d\" alt=\"\u00c9tudiants en r\u00e9union\" style=\"width:100%; max-height:350px; object-fit:cover;\">\n    <h1>Bienvenue dans notre association<\/h1>\n  <\/header>\n\n  <section class=\"presentation\">\n    <h2>Qui sommes-nous ?<\/h2>\n    <p>\n      Notre association f\u00e9d\u00e8re les \u00e9tudiants, stagiaires et jeunes professionnels du domaine comptable, \n      avec pour mission de les accompagner tout au long de leur parcours vers le dipl\u00f4me d\u2019expert-comptable.\n    <\/p>\n    <p>\n      Forte de nombreuses sections r\u00e9gionales, notre structure permet de cr\u00e9er un v\u00e9ritable r\u00e9seau national \n      offrant proximit\u00e9, entraide et soutien p\u00e9dagogique.\n    <\/p>\n  <\/section>\n\n  <section class=\"missions\">\n    <h2>Nos missions<\/h2>\n\n    <article class=\"mission\">\n      <h3>Repr\u00e9senter<\/h3>\n      <p>\n        Nous d\u00e9fendons les int\u00e9r\u00eats des stagiaires et futurs experts-comptables aupr\u00e8s des instances professionnelles, \n        en participant aux d\u00e9bats, commissions et groupes de travail nationaux et r\u00e9gionaux.\n      <\/p>\n    <\/article>\n\n    <article class=\"mission\">\n      <h3>Informer<\/h3>\n      <p>\n        Nous mettons \u00e0 disposition des ressources essentielles : informations sur le parcours, pr\u00e9paration au DEC,\n        actualit\u00e9s professionnelles, outils pratiques et guides m\u00e9thodologiques.\n      <\/p>\n    <\/article>\n\n    <article class=\"mission\">\n      <h3>Aider & Accompagner<\/h3>\n      <p>\n        Entre conseils, ateliers, mentorat et \u00e9changes d\u2019exp\u00e9rience, notre association accompagne ses membres dans la \n        r\u00e9ussite de leurs \u00e9tudes, de leur stage et de leur insertion professionnelle.\n      <\/p>\n    <\/article>\n  <\/section>\n\n  <section class=\"propositions\">\n    <h2>Ce que nous proposons<\/h2>\n\n    <div class=\"gallery\">\n      <img decoding=\"async\" src=\"https:\/\/images.unsplash.com\/photo-1529333166437-7750a6dd5a70\" alt=\"R\u00e9seau local\" style=\"width:100%; max-width:300px;\">\n      <img decoding=\"async\" src=\"https:\/\/images.unsplash.com\/photo-1517245386807-bb43f82c33c4\" alt=\"\u00c9v\u00e9nements \u00e9tudiants\" style=\"width:100%; max-width:300px;\">\n      <img decoding=\"async\" src=\"https:\/\/images.unsplash.com\/photo-1532619187604-3e85a60f27ab\" alt=\"Conf\u00e9rence\" style=\"width:100%; max-width:300px;\">\n    <\/div>\n\n    <ul>\n      <li>Un r\u00e9seau local actif pour \u00e9changer et se soutenir.<\/li>\n      <li>Des ressources p\u00e9dagogiques exclusives (annales, notices, mod\u00e8les, guides).<\/li>\n      <li>Des \u00e9v\u00e9nements, ateliers, conf\u00e9rences et webinaires r\u00e9guliers.<\/li>\n      <li>Un accompagnement personnalis\u00e9 pour le stage, le m\u00e9moire et le DEC.<\/li>\n    <\/ul>\n  <\/section>\n\n  <section class=\"adhesion\">\n    <h2>Pourquoi adh\u00e9rer ?<\/h2>\n    <p>\n      Devenir membre, c\u2019est b\u00e9n\u00e9ficier d\u2019un accompagnement structur\u00e9, d\u2019un r\u00e9seau national dynamique et d\u2019outils \n      exclusifs pour r\u00e9ussir vos \u00e9tudes et examens. Adh\u00e9rer vous donne aussi une voix aupr\u00e8s des instances \n      professionnelles.\n    <\/p>\n  <\/section>\n\n  <section class=\"join\">\n    <h2>Comment nous rejoindre<\/h2>\n    <p>\n      Pour adh\u00e9rer, choisissez simplement votre r\u00e9gion et votre statut (\u00e9tudiant, stagiaire, m\u00e9morialiste\u2026) \n      puis compl\u00e9tez notre formulaire en ligne. L\u2019inscription est rapide et ouvre l\u2019acc\u00e8s \u00e0 tous nos services.\n    <\/p>\n  <\/section>\n\n  <section class=\"contact\">\n    <h2>Nous contacter<\/h2>\n    <p><strong>Adresse :<\/strong> 92 rue de Rivoli, 75004 Paris<\/p>\n    <p><strong>T\u00e9l\u00e9phone :<\/strong> 01 42 72 73 72<\/p>\n    <p><strong>Email :<\/strong> contact@association.fr<\/p>\n  <\/section>\n<\/section>\n\n<style>\n  .association {\n    font-family: Arial, sans-serif;\n    line-height: 1.6;\n    margin: 20px auto;\n    max-width: 900px;\n  }\n  h1, h2 {\n    color: #003366;\n  }\n  .gallery {\n    display: flex;\n    flex-wrap: wrap;\n    gap: 15px;\n    margin-bottom: 15px;\n  }\n  ul li {\n    margin-bottom: 8px;\n  }\n  .hero h1 {\n    text-align: center;\n    margin-top: 20px;\n    font-size: 2rem;\n  }\n<\/style>\n<\/div>\n\t\t\t\t\t\t<\/div>\n\t\t\t\t\t<\/div>\n\t\t\t\t<\/div>\n\t\t\t\t<\/div>\n\t\t","protected":false},"excerpt":{"rendered":"<p>Bienvenue dans notre association Qui sommes-nous ? Notre association f\u00e9d\u00e8re les \u00e9tudiants, stagiaires et jeunes professionnels du domaine comptable, avec pour mission de les accompagner tout au long de leur parcours vers le dipl\u00f4me d\u2019expert-comptable. Forte de nombreuses sections r\u00e9gionales, notre structure permet de cr\u00e9er un v\u00e9ritable r\u00e9seau national offrant proximit\u00e9, entraide et soutien p\u00e9dagogique. [&hellip;]<\/p>\n","protected":false},"author":47,"featured_media":968,"comment_status":"open","ping_status":"open","sticky":false,"template":"","format":"standard","meta":{"footnotes":""},"categories":[23],"tags":[],"class_list":["post-911","post","type-post","status-publish","format-standard","has-post-thumbnail","hentry","category-nos-partenaires"],"_links":{"self":[{"href":"http:\/\/acetef.com\/index.php?rest_route=\/wp\/v2\/posts\/911","targetHints":{"allow":["GET"]}}],"collection":[{"href":"http:\/\/acetef.com\/index.php?rest_route=\/wp\/v2\/posts"}],"about":[{"href":"http:\/\/acetef.com\/index.php?rest_route=\/wp\/v2\/types\/post"}],"author":[{"embeddable":true,"href":"http:\/\/acetef.com\/index.php?rest_route=\/wp\/v2\/users\/47"}],"replies":[{"embeddable":true,"href":"http:\/\/acetef.com\/index.php?rest_route=%2Fwp%2Fv2%2Fcomments&post=911"}],"version-history":[{"count":3,"href":"http:\/\/acetef.com\/index.php?rest_route=\/wp\/v2\/posts\/911\/revisions"}],"predecessor-version":[{"id":977,"href":"http:\/\/acetef.com\/index.php?rest_route=\/wp\/v2\/posts\/911\/revisions\/977"}],"wp:featuredmedia":[{"embeddable":true,"href":"http:\/\/acetef.com\/index.php?rest_route=\/wp\/v2\/media\/968"}],"wp:attachment":[{"href":"http:\/\/acetef.com\/index.php?rest_route=%2Fwp%2Fv2%2Fmedia&parent=911"}],"wp:term":[{"taxonomy":"category","embeddable":true,"href":"http:\/\/acetef.com\/index.php?rest_route=%2Fwp%2Fv2%2Fcategories&post=911"},{"taxonomy":"post_tag","embeddable":true,"href":"http:\/\/acetef.com\/index.php?rest_route=%2Fwp%2Fv2%2Ftags&post=911"}],"curies":[{"name":"wp","href":"https:\/\/api.w.org\/{rel}","templated":true}]}}