{"id":796,"date":"2025-11-27T14:25:10","date_gmt":"2025-11-27T14:25:10","guid":{"rendered":"https:\/\/acetef.com\/?p=796"},"modified":"2025-11-27T14:27:00","modified_gmt":"2025-11-27T14:27:00","slug":"lancement-officiel-du-programme-techpourtoutes-vers-une-plus-grande-mixite-dans-le-numerique","status":"publish","type":"post","link":"http:\/\/acetef.com\/?p=796","title":{"rendered":"Lancement officiel du programme TechPourToutes : vers une plus grande mixit\u00e9 dans le num\u00e9rique"},"content":{"rendered":"\n<p>Le 4 novembre 2025 a marqu\u00e9 le lancement officiel de TechPourToutes, un ambitieux programme national soutenu par France 2030. France Universit\u00e9s est partenaire de cette initiative majeure qui vise \u00e0 accompagner gratuitement les lyc\u00e9ennes et \u00e9tudiantes vers les fili\u00e8res du num\u00e9rique et \u00e0 renforcer la mixit\u00e9 femmes-hommes dans un secteur en pleine transformation.<\/p>\n\n\n\n<hr class=\"wp-block-separator has-alpha-channel-opacity\"\/>\n\n\n\n<h2 class=\"wp-block-heading\">R\u00e9pondre \u00e0 un D\u00e9fi Social et \u00c9conomique Majeur<\/h2>\n\n\n\n<p>Alors que le num\u00e9rique fa\u00e7onne notre quotidien, notre \u00e9conomie et nos politiques publiques, les femmes ne repr\u00e9sentent encore que 19 % des effectif dans les formations du secteur. Cette faible repr\u00e9sentation cr\u00e9e un risque important : celui de construire les outils de demain avec des biais et une diversit\u00e9 insuffisante, constituant \u00e0 la fois un enjeu d\u2019in\u00e9galit\u00e9 et une perte de comp\u00e9tences pour le pays.<\/p>\n\n\n\n<p>TechPourToutes est n\u00e9 pour relever ce d\u00e9fi. L&rsquo;objectif est clair : atteindre la mixit\u00e9 dans les formations du num\u00e9rique en cinq ans, et accompagner 20 000 \u00e9tudiantes vers ces fili\u00e8res d\u2019ici 2030, ce qui pourrait faire passer la f\u00e9minisation du secteur de 19 % \u00e0 30 %.<\/p>\n\n\n\n<h2 class=\"wp-block-heading\">Un Accompagnement Continu, du Lyc\u00e9e au Premier Emploi<\/h2>\n\n\n\n<p>Le programme propose un parcours complet, con\u00e7u pour lever les freins, renforcer la confiance et ouvrir les portes des formations d&rsquo;avenir. Il s&rsquo;articule autour de trois \u00e9tapes cl\u00e9s :<\/p>\n\n\n\n<ul class=\"wp-block-list\">\n<li><strong>Pour les lyc\u00e9ennes :<\/strong> Changer les repr\u00e9sentations, susciter des vocations et pr\u00e9senter la diversit\u00e9 des m\u00e9tiers du num\u00e9rique et leurs impacts concrets sur la soci\u00e9t\u00e9.<\/li>\n\n\n\n<li><strong>Pour les \u00e9tudiantes :<\/strong> D\u00e9velopper les comp\u00e9tences, consolider la confiance, soutenir la r\u00e9ussite acad\u00e9mique et l&rsquo;insertion professionnelle.<\/li>\n\n\n\n<li><strong>Pour l&rsquo;\u00e9cosyst\u00e8me :<\/strong> Accompagner les \u00e9tablissements et les professionnels dans la construction d&rsquo;une culture de mixit\u00e9 ambitieuse et durable.<\/li>\n<\/ul>\n\n\n\n<p>Pour y parvenir, TechPourToutes d\u00e9ploie un ensemble d&rsquo;actions concr\u00e8tes sur tout le territoire, notamment l&rsquo;appui \u00e0 l&rsquo;orientation, les journ\u00e9es d&rsquo;immersion, le mentorat, les ateliers de pr\u00e9paration \u00e0 l&rsquo;insertion professionnelle et l&rsquo;acc\u00e8s \u00e0 un r\u00e9seau d&rsquo;entraide.<\/p>\n\n\n\n<hr class=\"wp-block-separator has-alpha-channel-opacity\"\/>\n\n\n\n<h2 class=\"wp-block-heading\">Un Consortium de Partenaires Mobilis\u00e9s<\/h2>\n\n\n\n<p>Coordonn\u00e9 par la Fondation Inria, le programme r\u00e9unit un large consortium d&rsquo;acteurs de l&rsquo;enseignement sup\u00e9rieur et du monde professionnel, incluant :<\/p>\n\n\n\n<ul class=\"wp-block-list\">\n<li>Inria et la Fondation Inria<\/li>\n\n\n\n<li><strong>France Universit\u00e9s<\/strong><\/li>\n\n\n\n<li>La CDEFI (Conf\u00e9rence des Directeurs des \u00c9coles Fran\u00e7aises d&rsquo;Ing\u00e9nieurs)<\/li>\n\n\n\n<li>La CGE (Conf\u00e9rence des Grandes \u00c9coles)<\/li>\n\n\n\n<li>Les associations BECOMTECH, Latitudes, Numeum, JobIRL et Femmes@Num\u00e9rique.<\/li>\n<\/ul>\n\n\n\n<p>En tant que membre du consortium, **France Universit\u00e9s** joue un r\u00f4le essentiel en mobilisant son r\u00e9seau d&rsquo;\u00e9tablissements. Son action vise \u00e0 favoriser l&rsquo;accueil des lyc\u00e9ennes et \u00e9tudiantes dans les formations du num\u00e9rique, \u00e0 renforcer la visibilit\u00e9 des actions men\u00e9es et \u00e0 appuyer la diffusion d&rsquo;une culture de mixit\u00e9 au sein de l&rsquo;enseignement sup\u00e9rieur.<\/p>\n","protected":false},"excerpt":{"rendered":"<p>Le 4 novembre 2025 a marqu\u00e9 le lancement officiel de TechPourToutes, un ambitieux programme national soutenu par France 2030. France Universit\u00e9s est partenaire de cette initiative majeure qui vise \u00e0 accompagner gratuitement les lyc\u00e9ennes et \u00e9tudiantes vers les fili\u00e8res du num\u00e9rique et \u00e0 renforcer la mixit\u00e9 femmes-hommes dans un secteur en pleine transformation. R\u00e9pondre \u00e0 [&hellip;]<\/p>\n","protected":false},"author":53,"featured_media":802,"comment_status":"open","ping_status":"open","sticky":false,"template":"","format":"standard","meta":{"footnotes":""},"categories":[8],"tags":[],"class_list":["post-796","post","type-post","status-publish","format-standard","has-post-thumbnail","hentry","category-actualite"],"_links":{"self":[{"href":"http:\/\/acetef.com\/index.php?rest_route=\/wp\/v2\/posts\/796","targetHints":{"allow":["GET"]}}],"collection":[{"href":"http:\/\/acetef.com\/index.php?rest_route=\/wp\/v2\/posts"}],"about":[{"href":"http:\/\/acetef.com\/index.php?rest_route=\/wp\/v2\/types\/post"}],"author":[{"embeddable":true,"href":"http:\/\/acetef.com\/index.php?rest_route=\/wp\/v2\/users\/53"}],"replies":[{"embeddable":true,"href":"http:\/\/acetef.com\/index.php?rest_route=%2Fwp%2Fv2%2Fcomments&post=796"}],"version-history":[{"count":2,"href":"http:\/\/acetef.com\/index.php?rest_route=\/wp\/v2\/posts\/796\/revisions"}],"predecessor-version":[{"id":821,"href":"http:\/\/acetef.com\/index.php?rest_route=\/wp\/v2\/posts\/796\/revisions\/821"}],"wp:featuredmedia":[{"embeddable":true,"href":"http:\/\/acetef.com\/index.php?rest_route=\/wp\/v2\/media\/802"}],"wp:attachment":[{"href":"http:\/\/acetef.com\/index.php?rest_route=%2Fwp%2Fv2%2Fmedia&parent=796"}],"wp:term":[{"taxonomy":"category","embeddable":true,"href":"http:\/\/acetef.com\/index.php?rest_route=%2Fwp%2Fv2%2Fcategories&post=796"},{"taxonomy":"post_tag","embeddable":true,"href":"http:\/\/acetef.com\/index.php?rest_route=%2Fwp%2Fv2%2Ftags&post=796"}],"curies":[{"name":"wp","href":"https:\/\/api.w.org\/{rel}","templated":true}]}}