{"id":739,"date":"2025-11-27T14:25:20","date_gmt":"2025-11-27T14:25:20","guid":{"rendered":"https:\/\/acetef.com\/?p=739"},"modified":"2025-11-27T14:29:44","modified_gmt":"2025-11-27T14:29:44","slug":"projet-de-loi-de-finances-2025-impacts-transfrontaliers","status":"publish","type":"post","link":"http:\/\/acetef.com\/?p=739","title":{"rendered":"Projet de loi de finances 2025 : Impacts Transfrontaliers"},"content":{"rendered":"\t\t<div data-elementor-type=\"wp-post\" data-elementor-id=\"739\" class=\"elementor elementor-739\" data-elementor-post-type=\"post\">\n\t\t\t\t<div class=\"elementor-element elementor-element-4e37d657 e-flex e-con-boxed e-con e-parent\" data-id=\"4e37d657\" data-element_type=\"container\">\n\t\t\t\t\t<div class=\"e-con-inner\">\n\t\t\t\t<div class=\"elementor-element elementor-element-1f9bfa4 elementor-widget elementor-widget-text-editor\" data-id=\"1f9bfa4\" data-element_type=\"widget\" data-widget_type=\"text-editor.default\">\n\t\t\t\t\t\t\t\t\t<style>\n    \/* --- STYLES SP\u00c9CIFIQUES ARTICLE --- *\/\n    #article-plf-container {\n        font-family: 'Segoe UI', 'Helvetica Neue', Arial, sans-serif;\n        color: #2c3e50;\n        line-height: 1.9; \/* Interligne tr\u00e8s confortable *\/\n        max-width: 850px;\n        margin: 0 auto;\n        padding: 60px 20px;\n        background-color: #fff;\n    }\n\n    \/* En-t\u00eate *\/\n    .plf-header {\n        text-align: center;\n        margin-bottom: 60px;\n    }\n\n    .plf-tag {\n        background-color: #fcebeb; \/* Fond rouge tr\u00e8s clair *\/\n        color: #c0392b; \/* Rouge institutionnel *\/\n        padding: 6px 16px;\n        text-transform: uppercase;\n        font-size: 0.75rem;\n        font-weight: 700;\n        border-radius: 4px;\n        letter-spacing: 1.5px;\n        display: inline-block;\n        margin-bottom: 20px;\n    }\n\n    .plf-title {\n        font-size: 2.8rem;\n        font-weight: 800;\n        color: #1a252f;\n        margin-bottom: 20px;\n        line-height: 1.2;\n    }\n\n    .plf-intro {\n        font-size: 1.25rem;\n        color: #5d6d7e;\n        margin-bottom: 40px;\n        font-weight: 300;\n        max-width: 700px;\n        margin-left: auto;\n        margin-right: auto;\n    }\n\n    \/* Image Hero *\/\n    .plf-hero-img {\n        width: 100%;\n        height: 450px;\n        object-fit: cover;\n        border-radius: 12px;\n        box-shadow: 0 15px 40px rgba(0,0,0,0.1);\n        margin-bottom: 60px;\n    }\n\n    \/* Corps du texte *\/\n    .plf-content h2 {\n        font-size: 1.8rem;\n        color: #2c3e50;\n        margin-top: 50px;\n        margin-bottom: 25px;\n        font-weight: 700;\n    }\n\n    .plf-content p {\n        margin-bottom: 25px;\n        font-size: 1.05rem;\n        color: #4a5568;\n    }\n\n    \/* Encadr\u00e9 \"Focus Convention\" *\/\n    .treaty-box {\n        background: linear-gradient(to right, #f8f9fa, #fff);\n        border-left: 5px solid #004e92; \/* Bleu France *\/\n        padding: 30px;\n        margin: 40px 0;\n        border-radius: 0 8px 8px 0;\n        box-shadow: 0 5px 15px rgba(0,0,0,0.03);\n    }\n\n    .treaty-box h3 {\n        color: #004e92;\n        font-size: 1.2rem;\n        margin-top: 0;\n        display: flex;\n        align-items: center;\n        gap: 10px;\n    }\n\n    \/* Liste stylis\u00e9e *\/\n    .impact-list {\n        list-style: none;\n        padding: 0;\n        margin: 30px 0;\n    }\n\n    .impact-list li {\n        margin-bottom: 20px;\n        padding-left: 40px;\n        position: relative;\n    }\n\n    .impact-list li::before {\n        content: '\u2192';\n        position: absolute;\n        left: 0;\n        top: 0;\n        color: #e74c3c;\n        font-weight: bold;\n        font-size: 1.2rem;\n    }\n\n    \/* Carte visuelle pour les changements *\/\n    .change-card {\n        background-color: #ecf0f1;\n        padding: 25px;\n        border-radius: 12px;\n        margin: 40px 0;\n        display: flex;\n        align-items: flex-start;\n        gap: 20px;\n    }\n    \n    .card-icon-warning {\n        font-size: 2rem;\n        color: #d35400;\n    }\n\n    \/* Auteur et navigation *\/\n    .plf-footer {\n        margin-top: 60px;\n        padding-top: 30px;\n        border-top: 1px solid #eee;\n        display: flex;\n        justify-content: space-between;\n        align-items: center;\n        font-size: 0.9rem;\n        color: #7f8c8d;\n    }\n\n    .back-btn {\n        text-decoration: none;\n        color: #2c3e50;\n        font-weight: 600;\n        transition: color 0.3s;\n    }\n    .back-btn:hover { color: #e74c3c; }\n\n    \/* Responsive *\/\n    @media (max-width: 768px) {\n        .plf-title { font-size: 2rem; }\n        .plf-hero-img { height: 250px; }\n        .change-card { flex-direction: column; }\n    }\n<\/style>\n\n<div id=\"article-plf-container\">\n\n    <header class=\"plf-header\">\n        <span class=\"plf-tag\">Fiscalit\u00e9 Internationale<\/span>\n        <h1 class=\"plf-title\">Projet de Loi de Finances 2025 : Impacts Transfrontaliers<\/h1>\n        <p class=\"plf-intro\">\n            Analyse des nouvelles mesures fiscales affectant la mobilit\u00e9 des enseignants-chercheurs entre la France et la Tunisie. R\u00e9sidence, revenus fonciers et doubles impositions : ce qui change.\n        <\/p>\n    <\/header>\n\n    <img decoding=\"async\" src=\"https:\/\/images.unsplash.com\/photo-1554224155-6726b3ff858f?ixlib=rb-1.2.1&#038;auto=format&#038;fit=crop&#038;w=1200&#038;q=80\" alt=\"Documents financiers et loi\" class=\"plf-hero-img\">\n\n    <div class=\"plf-content\">\n        <p>Le Projet de Loi de Finances (PLF) pour 2025 arrive dans un contexte de tension budg\u00e9taire en France et de r\u00e9forme fiscale continue en Tunisie. Pour notre communaut\u00e9 de professeurs exer\u00e7ant ou poss\u00e9dant des int\u00e9r\u00eats des deux c\u00f4t\u00e9s de la M\u00e9diterran\u00e9e, la vigilance est de mise.<\/p>\n        \n        <p>Si la convention fiscale franco-tunisienne du 28 mai 1973 reste le socle juridique, son interpr\u00e9tation se durcit face aux nouvelles exigences de transparence (BEPS, \u00e9changes automatiques d&rsquo;informations).<\/p>\n\n        <h2>1. La notion de R\u00e9sidence Fiscale sous surveillance<\/h2>\n        <p>Le PLF 2025 renforce les moyens de contr\u00f4le de l&rsquo;administration fiscale fran\u00e7aise (DGFiP) concernant la domiciliation r\u00e9elle. Pour les enseignants-chercheurs partageant leur temps entre Paris et Tunis, le crit\u00e8re du \u00ab\u00a0foyer d&rsquo;habitation permanent\u00a0\u00bb devient crucial.<\/p>\n        \n        <div class=\"change-card\">\n            <div class=\"card-icon-warning\">\u26a0\ufe0f<\/div>\n            <div>\n                <strong>Point de vigilance :<\/strong>\n                <p style=\"margin-bottom:0; font-size:0.95rem;\">Le simple fait d&rsquo;avoir une famille en Tunisie tout en travaillant en France ne suffit plus toujours \u00e0 exon\u00e9rer les revenus mondiaux en France. L&rsquo;administration s&rsquo;attache d\u00e9sormais au \u00ab\u00a0centre des int\u00e9r\u00eats vitaux\u00a0\u00bb avec une analyse plus \u00e9conomique.<\/p>\n            <\/div>\n        <\/div>\n\n        <h2>2. Revenus de Consulting et Prestations de Services<\/h2>\n        <p>Nombreux sont les membres de notre association qui, parall\u00e8lement \u00e0 leur charge d&rsquo;enseignement, r\u00e9alisent des missions de conseil. Le PLF 2025 clarifie le traitement des prestations num\u00e9riques.<\/p>\n        \n        <div class=\"treaty-box\">\n            <h3>\u2696\ufe0f Rappel : Convention France-Tunisie<\/h3>\n            <p><strong>Article 14 (Professions ind\u00e9pendantes) :<\/strong> Les revenus sont imposables dans l&rsquo;\u00c9tat o\u00f9 le contribuable dispose d&rsquo;une \u00ab\u00a0base fixe\u00a0\u00bb.<\/p>\n            <p><em>Nouveaut\u00e9 2025 :<\/em> La d\u00e9finition de \u00ab\u00a0base fixe\u00a0\u00bb tend \u00e0 s&rsquo;\u00e9largir avec le t\u00e9l\u00e9travail r\u00e9gulier. Un professeur travaillant depuis son domicile fran\u00e7ais pour un client tunisien pourrait voir ses revenus requalifi\u00e9s et tax\u00e9s en France, m\u00eame s&rsquo;ils sont vers\u00e9s sur un compte tunisien.<\/p>\n        <\/div>\n\n        <h2>3. Immobilier et IFI : L&rsquo;\u00e9change de donn\u00e9es s&rsquo;acc\u00e9l\u00e8re<\/h2>\n        <p>L&rsquo;actualit\u00e9 fiscale concerne aussi la d\u00e9tention de patrimoine. L&rsquo;\u00e9change automatique d&rsquo;informations bancaires et patrimoniales entre la Tunisie et les pays de l&rsquo;OCDE devient pleinement op\u00e9rationnel.<\/p>\n        \n        <ul class=\"impact-list\">\n            <li><strong>D\u00e9claration des comptes :<\/strong> L&rsquo;obligation de d\u00e9clarer les comptes bancaires d\u00e9tenus \u00e0 l&rsquo;\u00e9tranger (Formulaire 3916) est renforc\u00e9e avec des amendes major\u00e9es en 2025.<\/li>\n            <li><strong>Revenus fonciers :<\/strong> Les loyers per\u00e7us en Tunisie doivent \u00eatre d\u00e9clar\u00e9s en France (pour le calcul du taux effectif), m\u00eame s&rsquo;ils sont impos\u00e9s en Tunisie selon la convention.<\/li>\n            <li><strong>Imp\u00f4t sur la Fortune Immobili\u00e8re (IFI) :<\/strong> Les biens immobiliers situ\u00e9s en Tunisie entrent dans l&rsquo;assiette de l&rsquo;IFI fran\u00e7ais pour les r\u00e9sidents fiscaux fran\u00e7ais.<\/li>\n        <\/ul>\n\n        <img decoding=\"async\" src=\"https:\/\/images.unsplash.com\/photo-1450101499163-c8848c66ca85?ixlib=rb-1.2.1&#038;auto=format&#038;fit=crop&#038;w=1000&#038;q=80\" alt=\"Analyse comptable\" style=\"width:100%; border-radius:8px; margin: 30px 0;\">\n\n        <h2>Conclusion et Recommandations<\/h2>\n        <p>Le PLF 2025 ne modifie pas les taux d&rsquo;imposition de mani\u00e8re drastique pour les particuliers, mais il accro\u00eet la <strong>transparence<\/strong>. L&rsquo;opacit\u00e9 n&rsquo;est plus une option de gestion.<\/p>\n        <p>Pour les professeurs de gestion, experts par excellence, il est imp\u00e9ratif de documenter rigoureusement sa r\u00e9sidence fiscale (billets d&rsquo;avion, factures de consommation, scolarit\u00e9 des enfants) pour pr\u00e9venir tout risque de double imposition de fait.<\/p>\n    <\/div>\n\n    <div class=\"plf-footer\">\n        <span>Par la Commission Fiscalit\u00e9 de l&rsquo;Association<\/span>\n        <a href=\"#\" class=\"back-btn\">\u2190 Retour aux actualit\u00e9s<\/a>\n    <\/div>\n\n<\/div>\t\t\t\t\t\t\t\t<\/div>\n\t\t\t\t\t<\/div>\n\t\t\t\t<\/div>\n\t\t\t\t<\/div>\n\t\t","protected":false},"excerpt":{"rendered":"<p>Fiscalit\u00e9 Internationale Projet de Loi de Finances 2025 : Impacts Transfrontaliers Analyse des nouvelles mesures fiscales affectant la mobilit\u00e9 des enseignants-chercheurs entre la France et la Tunisie. R\u00e9sidence, revenus fonciers et doubles impositions : ce qui change. Le Projet de Loi de Finances (PLF) pour 2025 arrive dans un contexte de tension budg\u00e9taire en France [&hellip;]<\/p>\n","protected":false},"author":44,"featured_media":780,"comment_status":"open","ping_status":"open","sticky":false,"template":"","format":"standard","meta":{"footnotes":""},"categories":[8],"tags":[],"class_list":["post-739","post","type-post","status-publish","format-standard","has-post-thumbnail","hentry","category-actualite"],"_links":{"self":[{"href":"http:\/\/acetef.com\/index.php?rest_route=\/wp\/v2\/posts\/739","targetHints":{"allow":["GET"]}}],"collection":[{"href":"http:\/\/acetef.com\/index.php?rest_route=\/wp\/v2\/posts"}],"about":[{"href":"http:\/\/acetef.com\/index.php?rest_route=\/wp\/v2\/types\/post"}],"author":[{"embeddable":true,"href":"http:\/\/acetef.com\/index.php?rest_route=\/wp\/v2\/users\/44"}],"replies":[{"embeddable":true,"href":"http:\/\/acetef.com\/index.php?rest_route=%2Fwp%2Fv2%2Fcomments&post=739"}],"version-history":[{"count":4,"href":"http:\/\/acetef.com\/index.php?rest_route=\/wp\/v2\/posts\/739\/revisions"}],"predecessor-version":[{"id":773,"href":"http:\/\/acetef.com\/index.php?rest_route=\/wp\/v2\/posts\/739\/revisions\/773"}],"wp:featuredmedia":[{"embeddable":true,"href":"http:\/\/acetef.com\/index.php?rest_route=\/wp\/v2\/media\/780"}],"wp:attachment":[{"href":"http:\/\/acetef.com\/index.php?rest_route=%2Fwp%2Fv2%2Fmedia&parent=739"}],"wp:term":[{"taxonomy":"category","embeddable":true,"href":"http:\/\/acetef.com\/index.php?rest_route=%2Fwp%2Fv2%2Fcategories&post=739"},{"taxonomy":"post_tag","embeddable":true,"href":"http:\/\/acetef.com\/index.php?rest_route=%2Fwp%2Fv2%2Ftags&post=739"}],"curies":[{"name":"wp","href":"https:\/\/api.w.org\/{rel}","templated":true}]}}