{"id":717,"date":"2025-11-27T14:15:30","date_gmt":"2025-11-27T14:15:30","guid":{"rendered":"https:\/\/acetef.com\/?p=717"},"modified":"2025-11-27T14:15:30","modified_gmt":"2025-11-27T14:15:30","slug":"antisemitisme-les-universites-ne-laissent-toujours-rien-passer","status":"publish","type":"post","link":"http:\/\/acetef.com\/?p=717","title":{"rendered":"Antis\u00e9mitisme : les universit\u00e9s ne laissent toujours rien passer"},"content":{"rendered":"\n<p>Suite \u00e0 des \u00e9changes avec le Ministre de l&rsquo;Enseignement Sup\u00e9rieur, France Universit\u00e9s a r\u00e9affirm\u00e9 sa position de fermet\u00e9 absolue face aux actes antis\u00e9mites au sein des \u00e9tablissements d&rsquo;enseignement sup\u00e9rieur et de recherche (ESR).<\/p>\n\n\n\n<hr class=\"wp-block-separator has-alpha-channel-opacity\"\/>\n\n\n\n<h2 class=\"wp-block-heading\">Fermet\u00e9 et Tol\u00e9rance Z\u00e9ro<\/h2>\n\n\n\n<p>L\u2019association France Universit\u00e9s, qui regroupe les pr\u00e9sidentes et pr\u00e9sidents d&rsquo;universit\u00e9, tient \u00e0 rappeler qu&rsquo;il n&rsquo;y aura, **jamais, ni tol\u00e9rance, ni faiblesse** face aux actes antis\u00e9mites.<\/p>\n\n\n\n<p>L&rsquo;antis\u00e9mitisme, \u00e0 l&rsquo;instar de toutes les formes de racisme, n&rsquo;est pas consid\u00e9r\u00e9 comme une simple opinion, mais comme un **d\u00e9lit d&rsquo;une extr\u00eame gravit\u00e9**. Cette position sans \u00e9quivoque vise \u00e0 garantir un environnement d&rsquo;\u00e9tude et de travail respectueux et serein pour l&rsquo;ensemble de la communaut\u00e9 universitaire.<\/p>\n\n\n\n<h2 class=\"wp-block-heading\">Des Actions Syst\u00e9matiques et Sans Faiblesse<\/h2>\n\n\n\n<p>Le Ministre de tutelle a tenu \u00e0 saluer la r\u00e9activit\u00e9 et la d\u00e9termination des pr\u00e9sidentes et pr\u00e9sidents, qui continuent d&rsquo;agir avec la plus grande fermet\u00e9. Les universit\u00e9s s&rsquo;engagent \u00e0 :<\/p>\n\n\n\n<ul class=\"wp-block-list\">\n<li>Prendre **toutes les mesures disciplinaires** n\u00e9cessaires \u00e0 l&rsquo;encontre des auteurs d&rsquo;actes antis\u00e9mites.<\/li>\n\n\n\n<li>Proc\u00e9der aux **signalements au procureur de la R\u00e9publique** d\u00e8s que les situations le requi\u00e8rent.<\/li>\n<\/ul>\n\n\n\n<p>Cette d\u00e9termination n&rsquo;est pas nouvelle, mais elle est rappel\u00e9e avec force en tant que continuit\u00e9 n\u00e9cessaire dans la lutte contre ce fl\u00e9au.<\/p>\n\n\n\n<h2 class=\"wp-block-heading\">D\u00e9fense des Universit\u00e9s contre la D\u00e9sinformation<\/h2>\n\n\n\n<p>France Universit\u00e9s d\u00e9nonce par ailleurs la **d\u00e9sinformation et les campagnes de d\u00e9nigrement** visant les universit\u00e9s, qu&rsquo;elle juge \u00ab\u00a0totalement inadmissibles et irresponsables\u00a0\u00bb.<\/p>\n\n\n\n<p>L&rsquo;association souligne qu&rsquo;elle ne laissera pas se poursuivre ce \u00ab travail de sape \u00bb, car c&rsquo;est un pilier essentiel de la d\u00e9mocratie et de la R\u00e9publique qui est ainsi attaqu\u00e9 \u00e0 travers l&rsquo;institution universitaire. Les universit\u00e9s fran\u00e7aises sont mobilis\u00e9es pour maintenir leurs missions d\u2019enseignement et de recherche dans un cadre de respect strict de la loi.<\/p>\n\n\n\n<hr class=\"wp-block-separator has-alpha-channel-opacity\"\/>\n\n\n\n<p><em>Source : Communiqu\u00e9 de presse de France Universit\u00e9s, 26 septembre 2025.<\/em><\/p>\n","protected":false},"excerpt":{"rendered":"<p>Suite \u00e0 des \u00e9changes avec le Ministre de l&rsquo;Enseignement Sup\u00e9rieur, France Universit\u00e9s a r\u00e9affirm\u00e9 sa position de fermet\u00e9 absolue face aux actes antis\u00e9mites au sein des \u00e9tablissements d&rsquo;enseignement sup\u00e9rieur et de recherche (ESR). Fermet\u00e9 et Tol\u00e9rance Z\u00e9ro L\u2019association France Universit\u00e9s, qui regroupe les pr\u00e9sidentes et pr\u00e9sidents d&rsquo;universit\u00e9, tient \u00e0 rappeler qu&rsquo;il n&rsquo;y aura, **jamais, ni [&hellip;]<\/p>\n","protected":false},"author":53,"featured_media":734,"comment_status":"open","ping_status":"open","sticky":false,"template":"","format":"standard","meta":{"footnotes":""},"categories":[8],"tags":[],"class_list":["post-717","post","type-post","status-publish","format-standard","has-post-thumbnail","hentry","category-actualite"],"_links":{"self":[{"href":"http:\/\/acetef.com\/index.php?rest_route=\/wp\/v2\/posts\/717","targetHints":{"allow":["GET"]}}],"collection":[{"href":"http:\/\/acetef.com\/index.php?rest_route=\/wp\/v2\/posts"}],"about":[{"href":"http:\/\/acetef.com\/index.php?rest_route=\/wp\/v2\/types\/post"}],"author":[{"embeddable":true,"href":"http:\/\/acetef.com\/index.php?rest_route=\/wp\/v2\/users\/53"}],"replies":[{"embeddable":true,"href":"http:\/\/acetef.com\/index.php?rest_route=%2Fwp%2Fv2%2Fcomments&post=717"}],"version-history":[{"count":1,"href":"http:\/\/acetef.com\/index.php?rest_route=\/wp\/v2\/posts\/717\/revisions"}],"predecessor-version":[{"id":736,"href":"http:\/\/acetef.com\/index.php?rest_route=\/wp\/v2\/posts\/717\/revisions\/736"}],"wp:featuredmedia":[{"embeddable":true,"href":"http:\/\/acetef.com\/index.php?rest_route=\/wp\/v2\/media\/734"}],"wp:attachment":[{"href":"http:\/\/acetef.com\/index.php?rest_route=%2Fwp%2Fv2%2Fmedia&parent=717"}],"wp:term":[{"taxonomy":"category","embeddable":true,"href":"http:\/\/acetef.com\/index.php?rest_route=%2Fwp%2Fv2%2Fcategories&post=717"},{"taxonomy":"post_tag","embeddable":true,"href":"http:\/\/acetef.com\/index.php?rest_route=%2Fwp%2Fv2%2Ftags&post=717"}],"curies":[{"name":"wp","href":"https:\/\/api.w.org\/{rel}","templated":true}]}}