{"id":703,"date":"2025-11-27T14:13:24","date_gmt":"2025-11-27T14:13:24","guid":{"rendered":"https:\/\/acetef.com\/?p=703"},"modified":"2025-11-27T14:13:36","modified_gmt":"2025-11-27T14:13:36","slug":"lutte-contre-les-violence-sexistes-et-sexuelles-dans-lesr-le-ministere-consolide-sa-strategie-pour-un-environnement-sur-et-inclusif","status":"publish","type":"post","link":"http:\/\/acetef.com\/?p=703","title":{"rendered":"Lutte contre les Violence sexistes et sexuelles dans l&rsquo;ESR : Le Minist\u00e8re consolide sa strat\u00e9gie pour un environnement s\u00fbr et inclusif"},"content":{"rendered":"\n<p>Le Minist\u00e8re de l&rsquo;Enseignement Sup\u00e9rieur et de la Recherche (MESR) r\u00e9affirme et consolide son engagement historique en mati\u00e8re de lutte contre les <strong>Violences Sexistes et Sexuelles (VSS)<\/strong> au sein de l&rsquo;Enseignement Sup\u00e9rieur et de la Recherche (ESR). L&rsquo;objectif est clair et non n\u00e9gociable : garantir un environnement d&rsquo;\u00e9tude et de travail <strong>s\u00fbr, respectueux et inclusif<\/strong> pour l&rsquo;ensemble de la communaut\u00e9, avec une politique de <strong>tol\u00e9rance z\u00e9ro<\/strong> face \u00e0 ces violences.<\/p>\n\n\n\n<hr class=\"wp-block-separator has-alpha-channel-opacity\"\/>\n\n\n\n<h2 class=\"wp-block-heading\">Une Strat\u00e9gie P\u00e9rennis\u00e9e et Ambitieuse<\/h2>\n\n\n\n<p>Le renforcement de cette strat\u00e9gie s&rsquo;inscrit dans la continuit\u00e9 du <strong>Plan national d&rsquo;action contre les VSS (2021-2025)<\/strong>, dont le budget a \u00e9t\u00e9 doubl\u00e9 par le Gouvernement pour soutenir les initiatives sur le terrain.<\/p>\n\n\n\n<p>Le Minist\u00e8re souligne que le changement durable des pratiques passe imp\u00e9rativement par un changement des mentalit\u00e9s. La poursuite des efforts de <strong>communication<\/strong> et de <strong>sensibilisation<\/strong> est donc consid\u00e9r\u00e9e comme essentielle pour b\u00e2tir une culture commune solide autour des notions de <strong>consentement<\/strong> et de respect.<\/p>\n\n\n\n<h3 class=\"wp-block-heading\">Les Quatre Axes Prioritaires du Plan National<\/h3>\n\n\n\n<p>La strat\u00e9gie consolid\u00e9e repose sur les piliers du plan national d\u2019action, qui s&rsquo;articulent autour de quatre axes majeurs :<\/p>\n\n\n\n<ul class=\"wp-block-list\">\n<li><strong>La Formation et la Sensibilisation :<\/strong> Assurer la formation de l&rsquo;ensemble de la communaut\u00e9 (\u00e9tudiants, personnels, responsables) afin de mieux rep\u00e9rer, pr\u00e9venir et prendre en charge les situations de VSS.<\/li>\n\n\n\n<li><strong>Le Renforcement des Dispositifs de Signalement :<\/strong> Garantir l&rsquo;existence et le bon fonctionnement de cellules d&rsquo;accueil et d&rsquo;\u00e9coute dans chaque \u00e9tablissement, et renforcer la communication sur leur accessibilit\u00e9 pour les victimes et les t\u00e9moins.<\/li>\n\n\n\n<li><strong>Une Communication Accentu\u00e9e :<\/strong> Informer r\u00e9guli\u00e8rement le public sur les outils disponibles, les ressources d\u2019aide, et favoriser une prise de conscience collective des enjeux.<\/li>\n\n\n\n<li><strong>La Valorisation de l&rsquo;Engagement :<\/strong> Soutenir et reconna\u00eetre l&rsquo;engagement des \u00e9tudiantes, \u00e9tudiants et des personnels qui se mobilisent concr\u00e8tement dans cette lutte.<\/li>\n<\/ul>\n\n\n\n<hr class=\"wp-block-separator has-alpha-channel-opacity\"\/>\n\n\n\n<h2 class=\"wp-block-heading\">Le Lancement d&rsquo;une Nouvelle Initiative Audio : \u00ab\u00a0D\u00e9faire la violence\u00a0\u00bb<\/h2>\n\n\n\n<p>Pour marquer cette consolidation strat\u00e9gique et renforcer l&rsquo;axe de communication, le MESR a lanc\u00e9 un outil de sensibilisation novateur : une s\u00e9rie documentaire audio intitul\u00e9e <strong>\u00ab\u00a0D\u00e9faire la violence\u00a0\u00bb<\/strong>.<\/p>\n\n\n\n<p>Ce hors-s\u00e9rie exceptionnel du podcast Kaavan vise \u00e0 rendre la parole aux victimes et \u00e0 aborder de mani\u00e8re tr\u00e8s concr\u00e8te les questions soulev\u00e9es par les VSS dans le milieu \u00e9tudiant :<\/p>\n\n\n\n<ul class=\"wp-block-list\">\n<li>\u00c0 quoi les jeunes sont-ils confront\u00e9s au quotidien ?<\/li>\n\n\n\n<li>Qui subit les violences et qui les commet ?<\/li>\n\n\n\n<li>Comment agir, se r\u00e9parer ou porter une affaire en justice ?<\/li>\n\n\n\n<li>Comment \u00e9couter et accompagner les victimes ?<\/li>\n<\/ul>\n\n\n\n<p>\u00c0 travers des t\u00e9moignages poignants et essentiels, cette s\u00e9rie documentaire audio est une ressource suppl\u00e9mentaire mise \u00e0 disposition pour faire \u00e9voluer les mentalit\u00e9s et apporter des cl\u00e9s de compr\u00e9hension et d&rsquo;action.<\/p>\n\n\n\n<hr class=\"wp-block-separator has-alpha-channel-opacity\"\/>\n\n\n\n<h2 class=\"wp-block-heading\">Ressources Utiles<\/h2>\n\n\n\n<p>La lutte contre les VSS est l&rsquo;affaire de tous. Si vous \u00eates victime ou t\u00e9moin, des ressources existent :<\/p>\n\n\n\n<ul class=\"wp-block-list\">\n<li><strong>Le 3919 :<\/strong> Num\u00e9ro de r\u00e9f\u00e9rence national d\u2019\u00e9coute t\u00e9l\u00e9phonique et d\u2019orientation \u00e0 destination des femmes victimes de violences.<\/li>\n\n\n\n<li><strong>Plateforme nationale de signalement :<\/strong> chat anonyme et gratuit, accessible 24h\/24 et 7j\/7 sur le site <a href=\"https:\/\/arretonslesviolences.gouv.fr\/\" target=\"_blank\" rel=\"noreferrer noopener\">arretonslesviolences.gouv.fr<\/a>.<\/li>\n\n\n\n<li><strong>Cellules d&rsquo;\u00e9coute :<\/strong> Chaque \u00e9tablissement d\u2019enseignement sup\u00e9rieur est tenu de disposer d&rsquo;un dispositif d&rsquo;\u00e9coute et de signalement interne.<\/li>\n<\/ul>\n\n\n\n<p>Le Minist\u00e8re de l&rsquo;Enseignement Sup\u00e9rieur et de la Recherche poursuit ainsi ses efforts pour que l&rsquo;ESR soit un espace o\u00f9 l&rsquo;\u00e9panouissement de chacune et chacun ne soit jamais entrav\u00e9 par la peur ou les violences.<\/p>\n","protected":false},"excerpt":{"rendered":"<p>Le Minist\u00e8re de l&rsquo;Enseignement Sup\u00e9rieur et de la Recherche (MESR) r\u00e9affirme et consolide son engagement historique en mati\u00e8re de lutte contre les Violences Sexistes et Sexuelles (VSS) au sein de l&rsquo;Enseignement Sup\u00e9rieur et de la Recherche (ESR). L&rsquo;objectif est clair et non n\u00e9gociable : garantir un environnement d&rsquo;\u00e9tude et de travail s\u00fbr, respectueux et inclusif [&hellip;]<\/p>\n","protected":false},"author":53,"featured_media":712,"comment_status":"open","ping_status":"open","sticky":false,"template":"","format":"standard","meta":{"footnotes":""},"categories":[8],"tags":[],"class_list":["post-703","post","type-post","status-publish","format-standard","has-post-thumbnail","hentry","category-actualite"],"_links":{"self":[{"href":"http:\/\/acetef.com\/index.php?rest_route=\/wp\/v2\/posts\/703","targetHints":{"allow":["GET"]}}],"collection":[{"href":"http:\/\/acetef.com\/index.php?rest_route=\/wp\/v2\/posts"}],"about":[{"href":"http:\/\/acetef.com\/index.php?rest_route=\/wp\/v2\/types\/post"}],"author":[{"embeddable":true,"href":"http:\/\/acetef.com\/index.php?rest_route=\/wp\/v2\/users\/53"}],"replies":[{"embeddable":true,"href":"http:\/\/acetef.com\/index.php?rest_route=%2Fwp%2Fv2%2Fcomments&post=703"}],"version-history":[{"count":1,"href":"http:\/\/acetef.com\/index.php?rest_route=\/wp\/v2\/posts\/703\/revisions"}],"predecessor-version":[{"id":713,"href":"http:\/\/acetef.com\/index.php?rest_route=\/wp\/v2\/posts\/703\/revisions\/713"}],"wp:featuredmedia":[{"embeddable":true,"href":"http:\/\/acetef.com\/index.php?rest_route=\/wp\/v2\/media\/712"}],"wp:attachment":[{"href":"http:\/\/acetef.com\/index.php?rest_route=%2Fwp%2Fv2%2Fmedia&parent=703"}],"wp:term":[{"taxonomy":"category","embeddable":true,"href":"http:\/\/acetef.com\/index.php?rest_route=%2Fwp%2Fv2%2Fcategories&post=703"},{"taxonomy":"post_tag","embeddable":true,"href":"http:\/\/acetef.com\/index.php?rest_route=%2Fwp%2Fv2%2Ftags&post=703"}],"curies":[{"name":"wp","href":"https:\/\/api.w.org\/{rel}","templated":true}]}}