{"id":515,"date":"2025-11-27T14:02:35","date_gmt":"2025-11-27T14:02:35","guid":{"rendered":"https:\/\/acetef.com\/?p=515"},"modified":"2025-11-27T14:18:41","modified_gmt":"2025-11-27T14:18:41","slug":"notre-mission-nos-valeurs","status":"publish","type":"post","link":"http:\/\/acetef.com\/?p=515","title":{"rendered":"ORGANISATION DE CONF\u00c9RENCES &amp; COLLOQUES"},"content":{"rendered":"\t\t<div data-elementor-type=\"wp-post\" data-elementor-id=\"515\" class=\"elementor elementor-515\" data-elementor-post-type=\"post\">\n\t\t\t\t<div class=\"elementor-element elementor-element-ef6d119 e-flex e-con-boxed e-con e-parent\" data-id=\"ef6d119\" data-element_type=\"container\">\n\t\t\t\t\t<div class=\"e-con-inner\">\n\t\t\t\t<div class=\"elementor-element elementor-element-8ae00aa elementor-widget elementor-widget-shortcode\" data-id=\"8ae00aa\" data-element_type=\"widget\" data-widget_type=\"shortcode.default\">\n\t\t\t\t\t\t\t<div class=\"elementor-shortcode\"><!-- File: conferences-colloques.html -->\n<!DOCTYPE html>\n<html lang=\"fr\">\n<head>\n  <meta charset=\"utf-8\" \/>\n  <meta name=\"viewport\" content=\"width=device-width,initial-scale=1\" \/>\n  <title>ACETEF \u2014 Conf\u00e9rences & Colloques<\/title>\n  <style>\n    :root{--accent1:#4db6ac;--accent2:#81d4fa;--bg:#fbfdff;--card:#ffffff;--muted:#6b7280}\n    *{box-sizing:border-box}\n    body{margin:0;font-family:Inter,system-ui,Arial,sans-serif;background:var(--bg);color:#0f172a}\n    header{background:linear-gradient(90deg,var(--accent1),var(--accent2));color:#fff;padding:40px 20px;text-align:center}\n    header h1{margin:0;font-size:2rem}\n    main{max-width:1000px;margin:28px auto;padding:20px}\n    .hero{border-radius:12px;overflow:hidden;box-shadow:0 8px 30px rgba(8,15,30,0.06)}\n    .hero img{width:100%;height:360px;object-fit:cover;display:block}\n    .content{background:var(--card);padding:22px;border-radius:12px;margin-top:-40px;position:relative;box-shadow:0 6px 20px rgba(12,20,40,0.04)}\n    h2{color:var(--accent1);margin:0 0 12px}\n    p{line-height:1.6;color:#1f2937}\n    .meta{display:flex;gap:12px;flex-wrap:wrap;margin:12px 0}\n    .pill{background:#eef9f8;color:#04544a;padding:6px 10px;border-radius:999px;font-weight:600;font-size:0.9rem}\n    .section{margin-top:18px}\n    ul{margin:8px 0 0 18px}\n    .events{display:grid;grid-template-columns:repeat(auto-fit,minmax(240px,1fr));gap:14px;margin-top:12px}\n    .event{background:#fff;border:1px solid #eef2f7;padding:12px;border-radius:10px}\n    .btn{display:inline-block;margin-top:14px;padding:10px 14px;border-radius:10px;background:linear-gradient(90deg,var(--accent1),var(--accent2));color:#fff;text-decoration:none;font-weight:700}\n    a.back{display:inline-block;margin-bottom:12px;color:var(--muted);text-decoration:none}\n    footer{max-width:1000px;margin:28px auto;text-align:center;color:#64748b;padding:18px}\n  <\/style>\n<\/head>\n<body>\n  <header>\n    <h1>Conf\u00e9rences & Colloques<\/h1>\n    <p>ACETEF \u2014 valoriser la recherche tunisienne en France<\/p>\n  <\/header>\n\n  <main>\n    <a class=\"back\" href=\"index.html\">\u2190 Retour aux activit\u00e9s<\/a>\n\n    \n\n    <article class=\"content\">\n      <h2>Pr\u00e9sentation<\/h2>\n      <p>\n        L\u2019ACETEF organise des conf\u00e9rences et colloques annuels pour mettre en avant les travaux des chercheurs\n        tunisiens pr\u00e9sents en France. Ces rencontres favorisent les \u00e9changes interdisciplinaires, la visibilit\u00e9\n        scientifique et l\u2019\u00e9mergence de projets collaboratifs tuniso\u2011fran\u00e7ais.\n      <\/p>\n\n      <div class=\"meta\">\n        <span class=\"pill\">Public : chercheurs, doctorants, enseignants-chercheurs<\/span>\n        <span class=\"pill\">Format : pr\u00e9sentiel & hybrid<\/span>\n        <span class=\"pill\">Langue : FR \/ EN<\/span>\n      <\/div>\n\n      <div class=\"section\">\n        <h2>Objectifs<\/h2>\n        <ul>\n          <li>Pr\u00e9senter des recherches r\u00e9centes men\u00e9es par la communaut\u00e9 tunisienne en France.<\/li>\n          <li>Cr\u00e9er des passerelles entre laboratoires et institutions des deux pays.<\/li>\n          <li>Soutenir la circulation des id\u00e9es et des financements internationaux.<\/li>\n        <\/ul>\n      <\/div>\n\n      <div class=\"section\">\n        <h2>Format type d\u2019un colloque ACETEF<\/h2>\n        <ul>\n          <li>Keynotes (30\u201345 min) par des experts invit\u00e9s.<\/li>\n          <li>Sessions th\u00e9matiques (pr\u00e9sentations 15+5 min).<\/li>\n          <li>Tables rondes et ateliers pratiques.<\/li>\n          <li>Poster session & moment networking.<\/li>\n        <\/ul>\n      <\/div>\n\n      <div class=\"section\">\n        <h2>\u00c9v\u00e9nements \u00e0 venir<\/h2>\n        <div class=\"events\">\n          <div class=\"event\">\n            <strong>Colloque interdisciplinaire 2026<\/strong>\n            <div style=\"font-size:0.9rem;color:#475569;margin-top:8px\">Th\u00e8me : \u00ab Innovation et mobilit\u00e9 scientifique \u00bb \u2014 Date : \u00e0 confirmer<\/div>\n          <\/div>\n\n          <div class=\"event\">\n            <strong>Journ\u00e9e jeunes chercheurs<\/strong>\n            <div style=\"font-size:0.9rem;color:#475569;margin-top:8px\">Sessions posters, pitchs 3 min & ateliers carri\u00e8re \u2014 Date : printemps 2026<\/div>\n          <\/div>\n\n          <div class=\"event\">\n            <strong>Webinar : Recherche et financement<\/strong>\n            <div style=\"font-size:0.9rem;color:#475569;margin-top:8px\">Pr\u00e9sentation de programmes de financement tuniso\u2011europ\u00e9ens \u2014 Date : 2025-12-10<\/div>\n          <\/div>\n        <\/div>\n      <\/div>\n\n      <div class=\"section\">\n        <h2>Compte-rendus & Publications<\/h2>\n        <p>Apr\u00e8s chaque \u00e9v\u00e9nement, nous publions des comptes-rendus, vid\u00e9os et actes sur notre site. Voici quelques exemples :<\/p>\n        <ul>\n          <li><em>Actes \u2014 Colloque 2024 : Transferts de connaissances<\/em><\/li>\n          <li><em>Vid\u00e9o \u2014 Conf\u00e9rence invit\u00e9 : Prof. X (Th\u00e9matique \u00e9nergie)<\/em><\/li>\n        <\/ul>\n      <\/div>\n\n      <div class=\"section\">\n        <h2>Organiser un \u00e9v\u00e9nement avec ACETEF<\/h2>\n        <p>\n          Tu veux co-organiser une conf\u00e9rence ou proposer un intervenant ? Envoie-nous ta proposition (titre, r\u00e9sum\u00e9,\n          format souhait\u00e9, dur\u00e9e, \u00e9quipe organisatrice) \u00e0 l\u2019adresse suivante : <strong>contact@acetef.org<\/strong>\n        <\/p>\n        <a class=\"btn\" href=\"mailto:contact@acetef.org\">Envoyer une proposition<\/a>\n      <\/div>\n\n    <\/article>\n  <\/main>\n\n  <footer>\n    ACETEF \u2014 Association des chercheurs et enseignants tunisiens en France \u2022 Mentions l\u00e9gales\n  <\/footer>\n<\/body>\n<\/html>\n<\/div>\n\t\t\t\t\t\t<\/div>\n\t\t\t\t\t<\/div>\n\t\t\t\t<\/div>\n\t\t<div class=\"elementor-element elementor-element-62f35b5 e-flex e-con-boxed e-con e-parent\" data-id=\"62f35b5\" data-element_type=\"container\">\n\t\t\t\t\t<div class=\"e-con-inner\">\n\t\t\t\t\t<\/div>\n\t\t\t\t<\/div>\n\t\t\t\t<\/div>\n\t\t","protected":false},"excerpt":{"rendered":"<p>ACETEF \u2014 Conf\u00e9rences &#038; Colloques Conf\u00e9rences &#038; Colloques ACETEF \u2014 valoriser la recherche tunisienne en France \u2190 Retour aux activit\u00e9s Pr\u00e9sentation L\u2019ACETEF organise des conf\u00e9rences et colloques annuels pour mettre en avant les travaux des chercheurs tunisiens pr\u00e9sents en France. Ces rencontres favorisent les \u00e9changes interdisciplinaires, la visibilit\u00e9 scientifique et l\u2019\u00e9mergence de projets collaboratifs tuniso\u2011fran\u00e7ais. [&hellip;]<\/p>\n","protected":false},"author":42,"featured_media":667,"comment_status":"open","ping_status":"open","sticky":false,"template":"","format":"standard","meta":{"footnotes":""},"categories":[17,1],"tags":[],"class_list":["post-515","post","type-post","status-publish","format-standard","has-post-thumbnail","hentry","category-nos-activites","category-uncategorized"],"_links":{"self":[{"href":"http:\/\/acetef.com\/index.php?rest_route=\/wp\/v2\/posts\/515","targetHints":{"allow":["GET"]}}],"collection":[{"href":"http:\/\/acetef.com\/index.php?rest_route=\/wp\/v2\/posts"}],"about":[{"href":"http:\/\/acetef.com\/index.php?rest_route=\/wp\/v2\/types\/post"}],"author":[{"embeddable":true,"href":"http:\/\/acetef.com\/index.php?rest_route=\/wp\/v2\/users\/42"}],"replies":[{"embeddable":true,"href":"http:\/\/acetef.com\/index.php?rest_route=%2Fwp%2Fv2%2Fcomments&post=515"}],"version-history":[{"count":8,"href":"http:\/\/acetef.com\/index.php?rest_route=\/wp\/v2\/posts\/515\/revisions"}],"predecessor-version":[{"id":775,"href":"http:\/\/acetef.com\/index.php?rest_route=\/wp\/v2\/posts\/515\/revisions\/775"}],"wp:featuredmedia":[{"embeddable":true,"href":"http:\/\/acetef.com\/index.php?rest_route=\/wp\/v2\/media\/667"}],"wp:attachment":[{"href":"http:\/\/acetef.com\/index.php?rest_route=%2Fwp%2Fv2%2Fmedia&parent=515"}],"wp:term":[{"taxonomy":"category","embeddable":true,"href":"http:\/\/acetef.com\/index.php?rest_route=%2Fwp%2Fv2%2Fcategories&post=515"},{"taxonomy":"post_tag","embeddable":true,"href":"http:\/\/acetef.com\/index.php?rest_route=%2Fwp%2Fv2%2Ftags&post=515"}],"curies":[{"name":"wp","href":"https:\/\/api.w.org\/{rel}","templated":true}]}}